{"id":488,"date":"2019-01-23T16:45:00","date_gmt":"2019-01-23T20:45:00","guid":{"rendered":"http:\/\/gpabdoncalderon.gob.ec\/azuay\/?p=488"},"modified":"2019-01-23T16:45:00","modified_gmt":"2019-01-23T20:45:00","slug":"asignacion-presupuestaria-2018","status":"publish","type":"post","link":"https:\/\/gpabdoncalderon.gob.ec\/azuay\/asignacion-presupuestaria-2018\/","title":{"rendered":"Asignaci\u00f3n presupuestaria 2018"},"content":{"rendered":"<p>La \u00faltima asignaci\u00f3n presupuestaria asignada a la Parroquia Abd\u00f3n Calder\u00f3n seg\u00fan el acuerdo Ministerial de septiembre 2018.<\/p>\n<p>El presupuesto est\u00e1 en la p\u00e1gina 15.<\/p>\n<p>En el a\u00f1o 2019, todos los GADs est\u00e1n con presupuesto prorrogado por lo que la asignaci\u00f3n es la que consta en el acuerdo ministerial del 31-05-2017.<a href=\"http:\/\/gpabdoncalderon.gob.ec\/azuay\/wp-content\/uploads\/2019\/01\/ACUERDO-MINISTERIAL-005-31MAY2017-ASIGNACION-2017.pdf\">ACUERDO MINISTERIAL 005 31MAY2017 ASIGNACION 2017<\/a> <a href=\"http:\/\/gpabdoncalderon.gob.ec\/azuay\/wp-content\/uploads\/2019\/01\/Distributivo-presupuesto-sept-2018.pdf\">Distributivo presupuesto sept 2018<\/a><\/p>\n","protected":false},"excerpt":{"rendered":"<p>La \u00faltima asignaci\u00f3n presupuestaria asignada a la Parroquia Abd\u00f3n Calder\u00f3n seg\u00fan el acuerdo Ministerial de septiembre 2018. El presupuesto est\u00e1 en la p\u00e1gina 15. En el a\u00f1o 2019, todos los GADs est\u00e1n con presupuesto prorrogado por lo que la asignaci\u00f3n es la que consta en el acuerdo ministerial del 31-05-2017.ACUERDO MINISTERIAL 005 31MAY2017 ASIGNACION 2017 [&hellip;]<\/p>\n","protected":false},"author":7,"featured_media":0,"comment_status":"closed","ping_status":"closed","sticky":false,"template":"","format":"standard","meta":{"footnotes":""},"categories":[1],"tags":[],"class_list":["post-488","post","type-post","status-publish","format-standard","hentry","category-sin-categoria"],"yoast_head":"<!-- This site is optimized with the Yoast SEO plugin v24.1 - https:\/\/yoast.com\/wordpress\/plugins\/seo\/ -->\n<title>Asignaci\u00f3n presupuestaria 2018 - GAD parroquial Abd\u00f3n Calder\u00f3n<\/title>\n<meta name=\"robots\" content=\"index, follow, max-snippet:-1, max-image-preview:large, max-video-preview:-1\" \/>\n<link rel=\"canonical\" href=\"https:\/\/gpabdoncalderon.gob.ec\/azuay\/asignacion-presupuestaria-2018\/\" \/>\n<meta property=\"og:locale\" content=\"es_ES\" \/>\n<meta property=\"og:type\" content=\"article\" \/>\n<meta property=\"og:title\" content=\"Asignaci\u00f3n presupuestaria 2018 - GAD parroquial Abd\u00f3n Calder\u00f3n\" \/>\n<meta property=\"og:description\" content=\"La \u00faltima asignaci\u00f3n presupuestaria asignada a la Parroquia Abd\u00f3n Calder\u00f3n seg\u00fan el acuerdo Ministerial de septiembre 2018. El presupuesto est\u00e1 en la p\u00e1gina 15. En el a\u00f1o 2019, todos los GADs est\u00e1n con presupuesto prorrogado por lo que la asignaci\u00f3n es la que consta en el acuerdo ministerial del 31-05-2017.ACUERDO MINISTERIAL 005 31MAY2017 ASIGNACION 2017 [&hellip;]\" \/>\n<meta property=\"og:url\" content=\"https:\/\/gpabdoncalderon.gob.ec\/azuay\/asignacion-presupuestaria-2018\/\" \/>\n<meta property=\"og:site_name\" content=\"GAD parroquial Abd\u00f3n Calder\u00f3n\" \/>\n<meta property=\"article:published_time\" content=\"2019-01-23T20:45:00+00:00\" \/>\n<meta name=\"author\" content=\"gpabdoncalderon\" \/>\n<meta name=\"twitter:card\" content=\"summary_large_image\" \/>\n<meta name=\"twitter:label1\" content=\"Escrito por\" \/>\n\t<meta name=\"twitter:data1\" content=\"gpabdoncalderon\" \/>\n<script type=\"application\/ld+json\" class=\"yoast-schema-graph\">{\"@context\":\"https:\/\/schema.org\",\"@graph\":[{\"@type\":\"Article\",\"@id\":\"https:\/\/gpabdoncalderon.gob.ec\/azuay\/asignacion-presupuestaria-2018\/#article\",\"isPartOf\":{\"@id\":\"https:\/\/gpabdoncalderon.gob.ec\/azuay\/asignacion-presupuestaria-2018\/\"},\"author\":{\"name\":\"gpabdoncalderon\",\"@id\":\"https:\/\/gpabdoncalderon.gob.ec\/azuay\/#\/schema\/person\/43831a04c83af3cc3b5ea7026755a2d5\"},\"headline\":\"Asignaci\u00f3n presupuestaria 2018\",\"datePublished\":\"2019-01-23T20:45:00+00:00\",\"dateModified\":\"2019-01-23T20:45:00+00:00\",\"mainEntityOfPage\":{\"@id\":\"https:\/\/gpabdoncalderon.gob.ec\/azuay\/asignacion-presupuestaria-2018\/\"},\"wordCount\":66,\"publisher\":{\"@id\":\"https:\/\/gpabdoncalderon.gob.ec\/azuay\/#organization\"},\"inLanguage\":\"es\"},{\"@type\":\"WebPage\",\"@id\":\"https:\/\/gpabdoncalderon.gob.ec\/azuay\/asignacion-presupuestaria-2018\/\",\"url\":\"https:\/\/gpabdoncalderon.gob.ec\/azuay\/asignacion-presupuestaria-2018\/\",\"name\":\"Asignaci\u00f3n presupuestaria 2018 - GAD parroquial Abd\u00f3n Calder\u00f3n\",\"isPartOf\":{\"@id\":\"https:\/\/gpabdoncalderon.gob.ec\/azuay\/#website\"},\"datePublished\":\"2019-01-23T20:45:00+00:00\",\"dateModified\":\"2019-01-23T20:45:00+00:00\",\"breadcrumb\":{\"@id\":\"https:\/\/gpabdoncalderon.gob.ec\/azuay\/asignacion-presupuestaria-2018\/#breadcrumb\"},\"inLanguage\":\"es\",\"potentialAction\":[{\"@type\":\"ReadAction\",\"target\":[\"https:\/\/gpabdoncalderon.gob.ec\/azuay\/asignacion-presupuestaria-2018\/\"]}]},{\"@type\":\"BreadcrumbList\",\"@id\":\"https:\/\/gpabdoncalderon.gob.ec\/azuay\/asignacion-presupuestaria-2018\/#breadcrumb\",\"itemListElement\":[{\"@type\":\"ListItem\",\"position\":1,\"name\":\"Home\",\"item\":\"https:\/\/gpabdoncalderon.gob.ec\/azuay\/\"},{\"@type\":\"ListItem\",\"position\":2,\"name\":\"Asignaci\u00f3n presupuestaria 2018\"}]},{\"@type\":\"WebSite\",\"@id\":\"https:\/\/gpabdoncalderon.gob.ec\/azuay\/#website\",\"url\":\"https:\/\/gpabdoncalderon.gob.ec\/azuay\/\",\"name\":\"GAD parroquial Abd\u00f3n Calder\u00f3n\",\"description\":\"Sitio Oficial del GAD Parroquial Abd\u00f3n Calder\u00f3n Azuay\",\"publisher\":{\"@id\":\"https:\/\/gpabdoncalderon.gob.ec\/azuay\/#organization\"},\"potentialAction\":[{\"@type\":\"SearchAction\",\"target\":{\"@type\":\"EntryPoint\",\"urlTemplate\":\"https:\/\/gpabdoncalderon.gob.ec\/azuay\/?s={search_term_string}\"},\"query-input\":{\"@type\":\"PropertyValueSpecification\",\"valueRequired\":true,\"valueName\":\"search_term_string\"}}],\"inLanguage\":\"es\"},{\"@type\":\"Organization\",\"@id\":\"https:\/\/gpabdoncalderon.gob.ec\/azuay\/#organization\",\"name\":\"GAD Abd\u00f3n Calder\u00f3n\",\"url\":\"https:\/\/gpabdoncalderon.gob.ec\/azuay\/\",\"logo\":{\"@type\":\"ImageObject\",\"inLanguage\":\"es\",\"@id\":\"https:\/\/gpabdoncalderon.gob.ec\/azuay\/#\/schema\/logo\/image\/\",\"url\":\"https:\/\/gpabdoncalderon.gob.ec\/azuay\/wp-content\/uploads\/2020\/06\/logoFooter.png\",\"contentUrl\":\"https:\/\/gpabdoncalderon.gob.ec\/azuay\/wp-content\/uploads\/2020\/06\/logoFooter.png\",\"width\":200,\"height\":150,\"caption\":\"GAD Abd\u00f3n Calder\u00f3n\"},\"image\":{\"@id\":\"https:\/\/gpabdoncalderon.gob.ec\/azuay\/#\/schema\/logo\/image\/\"}},{\"@type\":\"Person\",\"@id\":\"https:\/\/gpabdoncalderon.gob.ec\/azuay\/#\/schema\/person\/43831a04c83af3cc3b5ea7026755a2d5\",\"name\":\"gpabdoncalderon\",\"image\":{\"@type\":\"ImageObject\",\"inLanguage\":\"es\",\"@id\":\"https:\/\/gpabdoncalderon.gob.ec\/azuay\/#\/schema\/person\/image\/\",\"url\":\"https:\/\/secure.gravatar.com\/avatar\/dc5d0777a862b9672a2226bb863f9304e2d3ffeb2fe8de51e951f69c113ecbf4?s=96&d=mm&r=g\",\"contentUrl\":\"https:\/\/secure.gravatar.com\/avatar\/dc5d0777a862b9672a2226bb863f9304e2d3ffeb2fe8de51e951f69c113ecbf4?s=96&d=mm&r=g\",\"caption\":\"gpabdoncalderon\"},\"description\":\"ANIVERSARIO DE PARROQUIALIZACION 20 DE JULIO DE 1922.\",\"sameAs\":[\"http:\/\/www.gpabdoncalderon.gob.ec\"],\"url\":\"https:\/\/gpabdoncalderon.gob.ec\/azuay\/author\/gpabdoncalderon\/\"}]}<\/script>\n<!-- \/ Yoast SEO plugin. -->","yoast_head_json":{"title":"Asignaci\u00f3n presupuestaria 2018 - GAD parroquial Abd\u00f3n Calder\u00f3n","robots":{"index":"index","follow":"follow","max-snippet":"max-snippet:-1","max-image-preview":"max-image-preview:large","max-video-preview":"max-video-preview:-1"},"canonical":"https:\/\/gpabdoncalderon.gob.ec\/azuay\/asignacion-presupuestaria-2018\/","og_locale":"es_ES","og_type":"article","og_title":"Asignaci\u00f3n presupuestaria 2018 - GAD parroquial Abd\u00f3n Calder\u00f3n","og_description":"La \u00faltima asignaci\u00f3n presupuestaria asignada a la Parroquia Abd\u00f3n Calder\u00f3n seg\u00fan el acuerdo Ministerial de septiembre 2018. El presupuesto est\u00e1 en la p\u00e1gina 15. En el a\u00f1o 2019, todos los GADs est\u00e1n con presupuesto prorrogado por lo que la asignaci\u00f3n es la que consta en el acuerdo ministerial del 31-05-2017.ACUERDO MINISTERIAL 005 31MAY2017 ASIGNACION 2017 [&hellip;]","og_url":"https:\/\/gpabdoncalderon.gob.ec\/azuay\/asignacion-presupuestaria-2018\/","og_site_name":"GAD parroquial Abd\u00f3n Calder\u00f3n","article_published_time":"2019-01-23T20:45:00+00:00","author":"gpabdoncalderon","twitter_card":"summary_large_image","twitter_misc":{"Escrito por":"gpabdoncalderon"},"schema":{"@context":"https:\/\/schema.org","@graph":[{"@type":"Article","@id":"https:\/\/gpabdoncalderon.gob.ec\/azuay\/asignacion-presupuestaria-2018\/#article","isPartOf":{"@id":"https:\/\/gpabdoncalderon.gob.ec\/azuay\/asignacion-presupuestaria-2018\/"},"author":{"name":"gpabdoncalderon","@id":"https:\/\/gpabdoncalderon.gob.ec\/azuay\/#\/schema\/person\/43831a04c83af3cc3b5ea7026755a2d5"},"headline":"Asignaci\u00f3n presupuestaria 2018","datePublished":"2019-01-23T20:45:00+00:00","dateModified":"2019-01-23T20:45:00+00:00","mainEntityOfPage":{"@id":"https:\/\/gpabdoncalderon.gob.ec\/azuay\/asignacion-presupuestaria-2018\/"},"wordCount":66,"publisher":{"@id":"https:\/\/gpabdoncalderon.gob.ec\/azuay\/#organization"},"inLanguage":"es"},{"@type":"WebPage","@id":"https:\/\/gpabdoncalderon.gob.ec\/azuay\/asignacion-presupuestaria-2018\/","url":"https:\/\/gpabdoncalderon.gob.ec\/azuay\/asignacion-presupuestaria-2018\/","name":"Asignaci\u00f3n presupuestaria 2018 - GAD parroquial Abd\u00f3n Calder\u00f3n","isPartOf":{"@id":"https:\/\/gpabdoncalderon.gob.ec\/azuay\/#website"},"datePublished":"2019-01-23T20:45:00+00:00","dateModified":"2019-01-23T20:45:00+00:00","breadcrumb":{"@id":"https:\/\/gpabdoncalderon.gob.ec\/azuay\/asignacion-presupuestaria-2018\/#breadcrumb"},"inLanguage":"es","potentialAction":[{"@type":"ReadAction","target":["https:\/\/gpabdoncalderon.gob.ec\/azuay\/asignacion-presupuestaria-2018\/"]}]},{"@type":"BreadcrumbList","@id":"https:\/\/gpabdoncalderon.gob.ec\/azuay\/asignacion-presupuestaria-2018\/#breadcrumb","itemListElement":[{"@type":"ListItem","position":1,"name":"Home","item":"https:\/\/gpabdoncalderon.gob.ec\/azuay\/"},{"@type":"ListItem","position":2,"name":"Asignaci\u00f3n presupuestaria 2018"}]},{"@type":"WebSite","@id":"https:\/\/gpabdoncalderon.gob.ec\/azuay\/#website","url":"https:\/\/gpabdoncalderon.gob.ec\/azuay\/","name":"GAD parroquial Abd\u00f3n Calder\u00f3n","description":"Sitio Oficial del GAD Parroquial Abd\u00f3n Calder\u00f3n Azuay","publisher":{"@id":"https:\/\/gpabdoncalderon.gob.ec\/azuay\/#organization"},"potentialAction":[{"@type":"SearchAction","target":{"@type":"EntryPoint","urlTemplate":"https:\/\/gpabdoncalderon.gob.ec\/azuay\/?s={search_term_string}"},"query-input":{"@type":"PropertyValueSpecification","valueRequired":true,"valueName":"search_term_string"}}],"inLanguage":"es"},{"@type":"Organization","@id":"https:\/\/gpabdoncalderon.gob.ec\/azuay\/#organization","name":"GAD Abd\u00f3n Calder\u00f3n","url":"https:\/\/gpabdoncalderon.gob.ec\/azuay\/","logo":{"@type":"ImageObject","inLanguage":"es","@id":"https:\/\/gpabdoncalderon.gob.ec\/azuay\/#\/schema\/logo\/image\/","url":"https:\/\/gpabdoncalderon.gob.ec\/azuay\/wp-content\/uploads\/2020\/06\/logoFooter.png","contentUrl":"https:\/\/gpabdoncalderon.gob.ec\/azuay\/wp-content\/uploads\/2020\/06\/logoFooter.png","width":200,"height":150,"caption":"GAD Abd\u00f3n Calder\u00f3n"},"image":{"@id":"https:\/\/gpabdoncalderon.gob.ec\/azuay\/#\/schema\/logo\/image\/"}},{"@type":"Person","@id":"https:\/\/gpabdoncalderon.gob.ec\/azuay\/#\/schema\/person\/43831a04c83af3cc3b5ea7026755a2d5","name":"gpabdoncalderon","image":{"@type":"ImageObject","inLanguage":"es","@id":"https:\/\/gpabdoncalderon.gob.ec\/azuay\/#\/schema\/person\/image\/","url":"https:\/\/secure.gravatar.com\/avatar\/dc5d0777a862b9672a2226bb863f9304e2d3ffeb2fe8de51e951f69c113ecbf4?s=96&d=mm&r=g","contentUrl":"https:\/\/secure.gravatar.com\/avatar\/dc5d0777a862b9672a2226bb863f9304e2d3ffeb2fe8de51e951f69c113ecbf4?s=96&d=mm&r=g","caption":"gpabdoncalderon"},"description":"ANIVERSARIO DE PARROQUIALIZACION 20 DE JULIO DE 1922.","sameAs":["http:\/\/www.gpabdoncalderon.gob.ec"],"url":"https:\/\/gpabdoncalderon.gob.ec\/azuay\/author\/gpabdoncalderon\/"}]}},"_links":{"self":[{"href":"https:\/\/gpabdoncalderon.gob.ec\/azuay\/wp-json\/wp\/v2\/posts\/488","targetHints":{"allow":["GET"]}}],"collection":[{"href":"https:\/\/gpabdoncalderon.gob.ec\/azuay\/wp-json\/wp\/v2\/posts"}],"about":[{"href":"https:\/\/gpabdoncalderon.gob.ec\/azuay\/wp-json\/wp\/v2\/types\/post"}],"author":[{"embeddable":true,"href":"https:\/\/gpabdoncalderon.gob.ec\/azuay\/wp-json\/wp\/v2\/users\/7"}],"replies":[{"embeddable":true,"href":"https:\/\/gpabdoncalderon.gob.ec\/azuay\/wp-json\/wp\/v2\/comments?post=488"}],"version-history":[{"count":1,"href":"https:\/\/gpabdoncalderon.gob.ec\/azuay\/wp-json\/wp\/v2\/posts\/488\/revisions"}],"predecessor-version":[{"id":491,"href":"https:\/\/gpabdoncalderon.gob.ec\/azuay\/wp-json\/wp\/v2\/posts\/488\/revisions\/491"}],"wp:attachment":[{"href":"https:\/\/gpabdoncalderon.gob.ec\/azuay\/wp-json\/wp\/v2\/media?parent=488"}],"wp:term":[{"taxonomy":"category","embeddable":true,"href":"https:\/\/gpabdoncalderon.gob.ec\/azuay\/wp-json\/wp\/v2\/categories?post=488"},{"taxonomy":"post_tag","embeddable":true,"href":"https:\/\/gpabdoncalderon.gob.ec\/azuay\/wp-json\/wp\/v2\/tags?post=488"}],"curies":[{"name":"wp","href":"https:\/\/api.w.org\/{rel}","templated":true}]}}