{"id":368,"date":"2016-12-20T11:13:26","date_gmt":"2016-12-20T15:13:26","guid":{"rendered":"http:\/\/gpabdoncalderon.gob.ec\/azuay\/?p=368"},"modified":"2017-01-31T16:02:14","modified_gmt":"2017-01-31T20:02:14","slug":"programa-de-navidad","status":"publish","type":"post","link":"https:\/\/gpabdoncalderon.gob.ec\/azuay\/programa-de-navidad\/","title":{"rendered":"PROGRAMA DE NAVIDAD"},"content":{"rendered":"<p>EL GOBIERNO PARROQUIAL RURAL DE ABDON CALDERON INVITA A TODOS LOS USUARIOS DE LOS PROYECTOS SOCIALES DEL GOBIERNO\u00a0 PARROQUIAL\u00a0 AL PROGRAMA DE NAVIDAD EL D\u00cdA SABADO 24 DE DICIEMBRE DE 2016 EN LOCAL DE LA UNIDAD EDUCATIVA JAIME ROLDOS AGUILERA.<\/p>\n<p><a href=\"http:\/\/gpabdoncalderon.gob.ec\/azuay\/wp-content\/uploads\/2016\/12\/tarjeta-navidad.jpg\"><img loading=\"lazy\" decoding=\"async\" class=\"aligncenter wp-image-369 \" src=\"http:\/\/gpabdoncalderon.gob.ec\/azuay\/wp-content\/uploads\/2016\/12\/tarjeta-navidad.jpg\" alt=\"tarjeta-navidad\" width=\"333\" height=\"224\" data-id=\"369\" \/><\/a><!--more--><\/p>\n","protected":false},"excerpt":{"rendered":"<p>EL GOBIERNO PARROQUIAL RURAL DE ABDON CALDERON INVITA A TODOS LOS USUARIOS DE LOS PROYECTOS SOCIALES DEL GOBIERNO\u00a0 PARROQUIAL\u00a0 AL PROGRAMA DE NAVIDAD EL D\u00cdA SABADO 24 DE DICIEMBRE DE 2016 EN LOCAL DE LA UNIDAD EDUCATIVA JAIME ROLDOS AGUILERA.<\/p>\n","protected":false},"author":7,"featured_media":369,"comment_status":"closed","ping_status":"closed","sticky":false,"template":"","format":"standard","meta":{"footnotes":""},"categories":[1],"tags":[],"class_list":["post-368","post","type-post","status-publish","format-standard","has-post-thumbnail","hentry","category-sin-categoria"],"yoast_head":"<!-- This site is optimized with the Yoast SEO plugin v24.1 - https:\/\/yoast.com\/wordpress\/plugins\/seo\/ -->\n<title>PROGRAMA DE NAVIDAD - GAD parroquial Abd\u00f3n Calder\u00f3n<\/title>\n<meta name=\"robots\" content=\"index, follow, max-snippet:-1, max-image-preview:large, max-video-preview:-1\" \/>\n<link rel=\"canonical\" href=\"https:\/\/gpabdoncalderon.gob.ec\/azuay\/programa-de-navidad\/\" \/>\n<meta property=\"og:locale\" content=\"es_ES\" \/>\n<meta property=\"og:type\" content=\"article\" \/>\n<meta property=\"og:title\" content=\"PROGRAMA DE NAVIDAD - GAD parroquial Abd\u00f3n Calder\u00f3n\" \/>\n<meta property=\"og:description\" content=\"EL GOBIERNO PARROQUIAL RURAL DE ABDON CALDERON INVITA A TODOS LOS USUARIOS DE LOS PROYECTOS SOCIALES DEL GOBIERNO\u00a0 PARROQUIAL\u00a0 AL PROGRAMA DE NAVIDAD EL D\u00cdA SABADO 24 DE DICIEMBRE DE 2016 EN LOCAL DE LA UNIDAD EDUCATIVA JAIME ROLDOS AGUILERA.\" \/>\n<meta property=\"og:url\" content=\"https:\/\/gpabdoncalderon.gob.ec\/azuay\/programa-de-navidad\/\" \/>\n<meta property=\"og:site_name\" content=\"GAD parroquial Abd\u00f3n Calder\u00f3n\" \/>\n<meta property=\"article:published_time\" content=\"2016-12-20T15:13:26+00:00\" \/>\n<meta property=\"article:modified_time\" content=\"2017-01-31T20:02:14+00:00\" \/>\n<meta property=\"og:image\" content=\"https:\/\/gpabdoncalderon.gob.ec\/azuay\/wp-content\/uploads\/2016\/12\/tarjeta-navidad.jpg\" \/>\n\t<meta property=\"og:image:width\" content=\"248\" \/>\n\t<meta property=\"og:image:height\" content=\"167\" \/>\n\t<meta property=\"og:image:type\" content=\"image\/jpeg\" \/>\n<meta name=\"author\" content=\"gpabdoncalderon\" \/>\n<meta name=\"twitter:card\" content=\"summary_large_image\" \/>\n<meta name=\"twitter:label1\" content=\"Escrito por\" \/>\n\t<meta name=\"twitter:data1\" content=\"gpabdoncalderon\" \/>\n<script type=\"application\/ld+json\" class=\"yoast-schema-graph\">{\"@context\":\"https:\/\/schema.org\",\"@graph\":[{\"@type\":\"Article\",\"@id\":\"https:\/\/gpabdoncalderon.gob.ec\/azuay\/programa-de-navidad\/#article\",\"isPartOf\":{\"@id\":\"https:\/\/gpabdoncalderon.gob.ec\/azuay\/programa-de-navidad\/\"},\"author\":{\"name\":\"gpabdoncalderon\",\"@id\":\"https:\/\/gpabdoncalderon.gob.ec\/azuay\/#\/schema\/person\/43831a04c83af3cc3b5ea7026755a2d5\"},\"headline\":\"PROGRAMA DE NAVIDAD\",\"datePublished\":\"2016-12-20T15:13:26+00:00\",\"dateModified\":\"2017-01-31T20:02:14+00:00\",\"mainEntityOfPage\":{\"@id\":\"https:\/\/gpabdoncalderon.gob.ec\/azuay\/programa-de-navidad\/\"},\"wordCount\":42,\"publisher\":{\"@id\":\"https:\/\/gpabdoncalderon.gob.ec\/azuay\/#organization\"},\"image\":{\"@id\":\"https:\/\/gpabdoncalderon.gob.ec\/azuay\/programa-de-navidad\/#primaryimage\"},\"thumbnailUrl\":\"https:\/\/gpabdoncalderon.gob.ec\/azuay\/wp-content\/uploads\/2016\/12\/tarjeta-navidad.jpg\",\"inLanguage\":\"es\"},{\"@type\":\"WebPage\",\"@id\":\"https:\/\/gpabdoncalderon.gob.ec\/azuay\/programa-de-navidad\/\",\"url\":\"https:\/\/gpabdoncalderon.gob.ec\/azuay\/programa-de-navidad\/\",\"name\":\"PROGRAMA DE NAVIDAD - GAD parroquial Abd\u00f3n Calder\u00f3n\",\"isPartOf\":{\"@id\":\"https:\/\/gpabdoncalderon.gob.ec\/azuay\/#website\"},\"primaryImageOfPage\":{\"@id\":\"https:\/\/gpabdoncalderon.gob.ec\/azuay\/programa-de-navidad\/#primaryimage\"},\"image\":{\"@id\":\"https:\/\/gpabdoncalderon.gob.ec\/azuay\/programa-de-navidad\/#primaryimage\"},\"thumbnailUrl\":\"https:\/\/gpabdoncalderon.gob.ec\/azuay\/wp-content\/uploads\/2016\/12\/tarjeta-navidad.jpg\",\"datePublished\":\"2016-12-20T15:13:26+00:00\",\"dateModified\":\"2017-01-31T20:02:14+00:00\",\"breadcrumb\":{\"@id\":\"https:\/\/gpabdoncalderon.gob.ec\/azuay\/programa-de-navidad\/#breadcrumb\"},\"inLanguage\":\"es\",\"potentialAction\":[{\"@type\":\"ReadAction\",\"target\":[\"https:\/\/gpabdoncalderon.gob.ec\/azuay\/programa-de-navidad\/\"]}]},{\"@type\":\"ImageObject\",\"inLanguage\":\"es\",\"@id\":\"https:\/\/gpabdoncalderon.gob.ec\/azuay\/programa-de-navidad\/#primaryimage\",\"url\":\"https:\/\/gpabdoncalderon.gob.ec\/azuay\/wp-content\/uploads\/2016\/12\/tarjeta-navidad.jpg\",\"contentUrl\":\"https:\/\/gpabdoncalderon.gob.ec\/azuay\/wp-content\/uploads\/2016\/12\/tarjeta-navidad.jpg\",\"width\":248,\"height\":167},{\"@type\":\"BreadcrumbList\",\"@id\":\"https:\/\/gpabdoncalderon.gob.ec\/azuay\/programa-de-navidad\/#breadcrumb\",\"itemListElement\":[{\"@type\":\"ListItem\",\"position\":1,\"name\":\"Home\",\"item\":\"https:\/\/gpabdoncalderon.gob.ec\/azuay\/\"},{\"@type\":\"ListItem\",\"position\":2,\"name\":\"PROGRAMA DE NAVIDAD\"}]},{\"@type\":\"WebSite\",\"@id\":\"https:\/\/gpabdoncalderon.gob.ec\/azuay\/#website\",\"url\":\"https:\/\/gpabdoncalderon.gob.ec\/azuay\/\",\"name\":\"GAD parroquial Abd\u00f3n Calder\u00f3n\",\"description\":\"Sitio Oficial del GAD Parroquial Abd\u00f3n Calder\u00f3n Azuay\",\"publisher\":{\"@id\":\"https:\/\/gpabdoncalderon.gob.ec\/azuay\/#organization\"},\"potentialAction\":[{\"@type\":\"SearchAction\",\"target\":{\"@type\":\"EntryPoint\",\"urlTemplate\":\"https:\/\/gpabdoncalderon.gob.ec\/azuay\/?s={search_term_string}\"},\"query-input\":{\"@type\":\"PropertyValueSpecification\",\"valueRequired\":true,\"valueName\":\"search_term_string\"}}],\"inLanguage\":\"es\"},{\"@type\":\"Organization\",\"@id\":\"https:\/\/gpabdoncalderon.gob.ec\/azuay\/#organization\",\"name\":\"GAD Abd\u00f3n Calder\u00f3n\",\"url\":\"https:\/\/gpabdoncalderon.gob.ec\/azuay\/\",\"logo\":{\"@type\":\"ImageObject\",\"inLanguage\":\"es\",\"@id\":\"https:\/\/gpabdoncalderon.gob.ec\/azuay\/#\/schema\/logo\/image\/\",\"url\":\"https:\/\/gpabdoncalderon.gob.ec\/azuay\/wp-content\/uploads\/2020\/06\/logoFooter.png\",\"contentUrl\":\"https:\/\/gpabdoncalderon.gob.ec\/azuay\/wp-content\/uploads\/2020\/06\/logoFooter.png\",\"width\":200,\"height\":150,\"caption\":\"GAD Abd\u00f3n Calder\u00f3n\"},\"image\":{\"@id\":\"https:\/\/gpabdoncalderon.gob.ec\/azuay\/#\/schema\/logo\/image\/\"}},{\"@type\":\"Person\",\"@id\":\"https:\/\/gpabdoncalderon.gob.ec\/azuay\/#\/schema\/person\/43831a04c83af3cc3b5ea7026755a2d5\",\"name\":\"gpabdoncalderon\",\"image\":{\"@type\":\"ImageObject\",\"inLanguage\":\"es\",\"@id\":\"https:\/\/gpabdoncalderon.gob.ec\/azuay\/#\/schema\/person\/image\/\",\"url\":\"https:\/\/secure.gravatar.com\/avatar\/dc5d0777a862b9672a2226bb863f9304e2d3ffeb2fe8de51e951f69c113ecbf4?s=96&d=mm&r=g\",\"contentUrl\":\"https:\/\/secure.gravatar.com\/avatar\/dc5d0777a862b9672a2226bb863f9304e2d3ffeb2fe8de51e951f69c113ecbf4?s=96&d=mm&r=g\",\"caption\":\"gpabdoncalderon\"},\"description\":\"ANIVERSARIO DE PARROQUIALIZACION 20 DE JULIO DE 1922.\",\"sameAs\":[\"http:\/\/www.gpabdoncalderon.gob.ec\"],\"url\":\"https:\/\/gpabdoncalderon.gob.ec\/azuay\/author\/gpabdoncalderon\/\"}]}<\/script>\n<!-- \/ Yoast SEO plugin. -->","yoast_head_json":{"title":"PROGRAMA DE NAVIDAD - GAD parroquial Abd\u00f3n Calder\u00f3n","robots":{"index":"index","follow":"follow","max-snippet":"max-snippet:-1","max-image-preview":"max-image-preview:large","max-video-preview":"max-video-preview:-1"},"canonical":"https:\/\/gpabdoncalderon.gob.ec\/azuay\/programa-de-navidad\/","og_locale":"es_ES","og_type":"article","og_title":"PROGRAMA DE NAVIDAD - GAD parroquial Abd\u00f3n Calder\u00f3n","og_description":"EL GOBIERNO PARROQUIAL RURAL DE ABDON CALDERON INVITA A TODOS LOS USUARIOS DE LOS PROYECTOS SOCIALES DEL GOBIERNO\u00a0 PARROQUIAL\u00a0 AL PROGRAMA DE NAVIDAD EL D\u00cdA SABADO 24 DE DICIEMBRE DE 2016 EN LOCAL DE LA UNIDAD EDUCATIVA JAIME ROLDOS AGUILERA.","og_url":"https:\/\/gpabdoncalderon.gob.ec\/azuay\/programa-de-navidad\/","og_site_name":"GAD parroquial Abd\u00f3n Calder\u00f3n","article_published_time":"2016-12-20T15:13:26+00:00","article_modified_time":"2017-01-31T20:02:14+00:00","og_image":[{"width":248,"height":167,"url":"https:\/\/gpabdoncalderon.gob.ec\/azuay\/wp-content\/uploads\/2016\/12\/tarjeta-navidad.jpg","type":"image\/jpeg"}],"author":"gpabdoncalderon","twitter_card":"summary_large_image","twitter_misc":{"Escrito por":"gpabdoncalderon"},"schema":{"@context":"https:\/\/schema.org","@graph":[{"@type":"Article","@id":"https:\/\/gpabdoncalderon.gob.ec\/azuay\/programa-de-navidad\/#article","isPartOf":{"@id":"https:\/\/gpabdoncalderon.gob.ec\/azuay\/programa-de-navidad\/"},"author":{"name":"gpabdoncalderon","@id":"https:\/\/gpabdoncalderon.gob.ec\/azuay\/#\/schema\/person\/43831a04c83af3cc3b5ea7026755a2d5"},"headline":"PROGRAMA DE NAVIDAD","datePublished":"2016-12-20T15:13:26+00:00","dateModified":"2017-01-31T20:02:14+00:00","mainEntityOfPage":{"@id":"https:\/\/gpabdoncalderon.gob.ec\/azuay\/programa-de-navidad\/"},"wordCount":42,"publisher":{"@id":"https:\/\/gpabdoncalderon.gob.ec\/azuay\/#organization"},"image":{"@id":"https:\/\/gpabdoncalderon.gob.ec\/azuay\/programa-de-navidad\/#primaryimage"},"thumbnailUrl":"https:\/\/gpabdoncalderon.gob.ec\/azuay\/wp-content\/uploads\/2016\/12\/tarjeta-navidad.jpg","inLanguage":"es"},{"@type":"WebPage","@id":"https:\/\/gpabdoncalderon.gob.ec\/azuay\/programa-de-navidad\/","url":"https:\/\/gpabdoncalderon.gob.ec\/azuay\/programa-de-navidad\/","name":"PROGRAMA DE NAVIDAD - GAD parroquial Abd\u00f3n Calder\u00f3n","isPartOf":{"@id":"https:\/\/gpabdoncalderon.gob.ec\/azuay\/#website"},"primaryImageOfPage":{"@id":"https:\/\/gpabdoncalderon.gob.ec\/azuay\/programa-de-navidad\/#primaryimage"},"image":{"@id":"https:\/\/gpabdoncalderon.gob.ec\/azuay\/programa-de-navidad\/#primaryimage"},"thumbnailUrl":"https:\/\/gpabdoncalderon.gob.ec\/azuay\/wp-content\/uploads\/2016\/12\/tarjeta-navidad.jpg","datePublished":"2016-12-20T15:13:26+00:00","dateModified":"2017-01-31T20:02:14+00:00","breadcrumb":{"@id":"https:\/\/gpabdoncalderon.gob.ec\/azuay\/programa-de-navidad\/#breadcrumb"},"inLanguage":"es","potentialAction":[{"@type":"ReadAction","target":["https:\/\/gpabdoncalderon.gob.ec\/azuay\/programa-de-navidad\/"]}]},{"@type":"ImageObject","inLanguage":"es","@id":"https:\/\/gpabdoncalderon.gob.ec\/azuay\/programa-de-navidad\/#primaryimage","url":"https:\/\/gpabdoncalderon.gob.ec\/azuay\/wp-content\/uploads\/2016\/12\/tarjeta-navidad.jpg","contentUrl":"https:\/\/gpabdoncalderon.gob.ec\/azuay\/wp-content\/uploads\/2016\/12\/tarjeta-navidad.jpg","width":248,"height":167},{"@type":"BreadcrumbList","@id":"https:\/\/gpabdoncalderon.gob.ec\/azuay\/programa-de-navidad\/#breadcrumb","itemListElement":[{"@type":"ListItem","position":1,"name":"Home","item":"https:\/\/gpabdoncalderon.gob.ec\/azuay\/"},{"@type":"ListItem","position":2,"name":"PROGRAMA DE NAVIDAD"}]},{"@type":"WebSite","@id":"https:\/\/gpabdoncalderon.gob.ec\/azuay\/#website","url":"https:\/\/gpabdoncalderon.gob.ec\/azuay\/","name":"GAD parroquial Abd\u00f3n Calder\u00f3n","description":"Sitio Oficial del GAD Parroquial Abd\u00f3n Calder\u00f3n Azuay","publisher":{"@id":"https:\/\/gpabdoncalderon.gob.ec\/azuay\/#organization"},"potentialAction":[{"@type":"SearchAction","target":{"@type":"EntryPoint","urlTemplate":"https:\/\/gpabdoncalderon.gob.ec\/azuay\/?s={search_term_string}"},"query-input":{"@type":"PropertyValueSpecification","valueRequired":true,"valueName":"search_term_string"}}],"inLanguage":"es"},{"@type":"Organization","@id":"https:\/\/gpabdoncalderon.gob.ec\/azuay\/#organization","name":"GAD Abd\u00f3n Calder\u00f3n","url":"https:\/\/gpabdoncalderon.gob.ec\/azuay\/","logo":{"@type":"ImageObject","inLanguage":"es","@id":"https:\/\/gpabdoncalderon.gob.ec\/azuay\/#\/schema\/logo\/image\/","url":"https:\/\/gpabdoncalderon.gob.ec\/azuay\/wp-content\/uploads\/2020\/06\/logoFooter.png","contentUrl":"https:\/\/gpabdoncalderon.gob.ec\/azuay\/wp-content\/uploads\/2020\/06\/logoFooter.png","width":200,"height":150,"caption":"GAD Abd\u00f3n Calder\u00f3n"},"image":{"@id":"https:\/\/gpabdoncalderon.gob.ec\/azuay\/#\/schema\/logo\/image\/"}},{"@type":"Person","@id":"https:\/\/gpabdoncalderon.gob.ec\/azuay\/#\/schema\/person\/43831a04c83af3cc3b5ea7026755a2d5","name":"gpabdoncalderon","image":{"@type":"ImageObject","inLanguage":"es","@id":"https:\/\/gpabdoncalderon.gob.ec\/azuay\/#\/schema\/person\/image\/","url":"https:\/\/secure.gravatar.com\/avatar\/dc5d0777a862b9672a2226bb863f9304e2d3ffeb2fe8de51e951f69c113ecbf4?s=96&d=mm&r=g","contentUrl":"https:\/\/secure.gravatar.com\/avatar\/dc5d0777a862b9672a2226bb863f9304e2d3ffeb2fe8de51e951f69c113ecbf4?s=96&d=mm&r=g","caption":"gpabdoncalderon"},"description":"ANIVERSARIO DE PARROQUIALIZACION 20 DE JULIO DE 1922.","sameAs":["http:\/\/www.gpabdoncalderon.gob.ec"],"url":"https:\/\/gpabdoncalderon.gob.ec\/azuay\/author\/gpabdoncalderon\/"}]}},"_links":{"self":[{"href":"https:\/\/gpabdoncalderon.gob.ec\/azuay\/wp-json\/wp\/v2\/posts\/368","targetHints":{"allow":["GET"]}}],"collection":[{"href":"https:\/\/gpabdoncalderon.gob.ec\/azuay\/wp-json\/wp\/v2\/posts"}],"about":[{"href":"https:\/\/gpabdoncalderon.gob.ec\/azuay\/wp-json\/wp\/v2\/types\/post"}],"author":[{"embeddable":true,"href":"https:\/\/gpabdoncalderon.gob.ec\/azuay\/wp-json\/wp\/v2\/users\/7"}],"replies":[{"embeddable":true,"href":"https:\/\/gpabdoncalderon.gob.ec\/azuay\/wp-json\/wp\/v2\/comments?post=368"}],"version-history":[{"count":3,"href":"https:\/\/gpabdoncalderon.gob.ec\/azuay\/wp-json\/wp\/v2\/posts\/368\/revisions"}],"predecessor-version":[{"id":394,"href":"https:\/\/gpabdoncalderon.gob.ec\/azuay\/wp-json\/wp\/v2\/posts\/368\/revisions\/394"}],"wp:featuredmedia":[{"embeddable":true,"href":"https:\/\/gpabdoncalderon.gob.ec\/azuay\/wp-json\/wp\/v2\/media\/369"}],"wp:attachment":[{"href":"https:\/\/gpabdoncalderon.gob.ec\/azuay\/wp-json\/wp\/v2\/media?parent=368"}],"wp:term":[{"taxonomy":"category","embeddable":true,"href":"https:\/\/gpabdoncalderon.gob.ec\/azuay\/wp-json\/wp\/v2\/categories?post=368"},{"taxonomy":"post_tag","embeddable":true,"href":"https:\/\/gpabdoncalderon.gob.ec\/azuay\/wp-json\/wp\/v2\/tags?post=368"}],"curies":[{"name":"wp","href":"https:\/\/api.w.org\/{rel}","templated":true}]}}