{"id":226,"date":"2015-03-30T18:40:24","date_gmt":"2015-03-30T22:40:24","guid":{"rendered":"http:\/\/gpabdoncalderon.gob.ec\/azuay\/?p=226"},"modified":"2017-01-31T16:02:46","modified_gmt":"2017-01-31T20:02:46","slug":"226","status":"publish","type":"post","link":"https:\/\/gpabdoncalderon.gob.ec\/azuay\/226\/","title":{"rendered":"DIRECTORIO DEL GAD PARROQUIAL RURAL DE ABDON CALDERON"},"content":{"rendered":"<p>DIRECTORIO DEL GAD PARROQUIAL RURAL DE ABDON CALDERON<!--more--><\/p>\n<table width=\"824\">\n<tbody>\n<tr>\n<td width=\"239\"><strong>NOMBRES Y APELLIDOS<\/strong><\/td>\n<td style=\"text-align: center;\" width=\"80\"><strong>CARGO<\/strong><\/td>\n<td style=\"text-align: center;\" width=\"139\"><strong>TELEFONO<\/strong><\/td>\n<td style=\"text-align: center;\" width=\"155\"><strong>N\u00ba CELULAR<\/strong><\/td>\n<td style=\"text-align: center;\" width=\"211\"><strong>MAIL<\/strong><\/td>\n<\/tr>\n<tr>\n<td width=\"239\">WUASHINTON RIGOBERTO MU\u00d1OZ CONDO<\/td>\n<td>PRESIDENTE<\/td>\n<td>2262657 &#8211; 2262-002<\/td>\n<td>0991140562<\/td>\n<td><a href=\"mailto:Washingtonmunoz@live%20.com\">Washingtonmunoz@live .com<\/a><\/td>\n<\/tr>\n<tr>\n<td>FABIAN DANILO BELTR\u00c1N QUEZADA<\/td>\n<td>VOCAL<\/td>\n<td>2262-031<\/td>\n<td>0984165469<\/td>\n<td><a href=\"mailto:fabianquezada@msm\">fabianquezada@msm<\/a><\/td>\n<\/tr>\n<tr>\n<td>CARLOS LEMARI BARROS LE\u00d3N<\/td>\n<td>VOCAL<\/td>\n<td>2262-006<\/td>\n<td>0980960660<\/td>\n<td><a href=\"mailto:carlosbarros64@hotmail.es\">carlosbarros64@hotmail.es<\/a><\/td>\n<\/tr>\n<tr>\n<td>DIEGO WILMAN ARTEAGA SU\u00c1REZ<\/td>\n<td>VOCAL<\/td>\n<td>2262-711<\/td>\n<td>0995119838\/0984112056<\/td>\n<td><a href=\"mailto:diegoarteaga12@hotmail.com\">diegoarteaga12@hotmail.com<\/a><\/td>\n<\/tr>\n<tr>\n<td>MICAELA ABIGAIL FARFAN ILLESCAS<\/td>\n<td>VOCAL<\/td>\n<td>2262-019<\/td>\n<td>0987828351<\/td>\n<td><\/td>\n<\/tr>\n<tr>\n<td>LIGIA CATALINA SIGCHA TERREROS<\/td>\n<td width=\"80\">SECRETARIA TESORERA<\/td>\n<td>3062005<\/td>\n<td>0995508001<\/td>\n<td><a href=\"mailto:cattysigcha@hotmail.com\">cattysigcha@hotmail.com<\/a><\/td>\n<\/tr>\n<\/tbody>\n<\/table>\n","protected":false},"excerpt":{"rendered":"<p>DIRECTORIO DEL GAD PARROQUIAL RURAL DE ABDON CALDERON<\/p>\n","protected":false},"author":7,"featured_media":0,"comment_status":"closed","ping_status":"closed","sticky":false,"template":"","format":"standard","meta":{"footnotes":""},"categories":[5,1],"tags":[],"class_list":["post-226","post","type-post","status-publish","format-standard","hentry","category-s6-noticias","category-sin-categoria"],"yoast_head":"<!-- This site is optimized with the Yoast SEO plugin v24.1 - https:\/\/yoast.com\/wordpress\/plugins\/seo\/ -->\n<title>DIRECTORIO DEL GAD PARROQUIAL RURAL DE ABDON CALDERON - GAD parroquial Abd\u00f3n Calder\u00f3n<\/title>\n<meta name=\"robots\" content=\"index, follow, max-snippet:-1, max-image-preview:large, max-video-preview:-1\" \/>\n<link rel=\"canonical\" href=\"https:\/\/gpabdoncalderon.gob.ec\/azuay\/226\/\" \/>\n<meta property=\"og:locale\" content=\"es_ES\" \/>\n<meta property=\"og:type\" content=\"article\" \/>\n<meta property=\"og:title\" content=\"DIRECTORIO DEL GAD PARROQUIAL RURAL DE ABDON CALDERON - GAD parroquial Abd\u00f3n Calder\u00f3n\" \/>\n<meta property=\"og:description\" content=\"DIRECTORIO DEL GAD PARROQUIAL RURAL DE ABDON CALDERON\" \/>\n<meta property=\"og:url\" content=\"https:\/\/gpabdoncalderon.gob.ec\/azuay\/226\/\" \/>\n<meta property=\"og:site_name\" content=\"GAD parroquial Abd\u00f3n Calder\u00f3n\" \/>\n<meta property=\"article:published_time\" content=\"2015-03-30T22:40:24+00:00\" \/>\n<meta property=\"article:modified_time\" content=\"2017-01-31T20:02:46+00:00\" \/>\n<meta name=\"author\" content=\"gpabdoncalderon\" \/>\n<meta name=\"twitter:card\" content=\"summary_large_image\" \/>\n<meta name=\"twitter:label1\" content=\"Escrito por\" \/>\n\t<meta name=\"twitter:data1\" content=\"gpabdoncalderon\" \/>\n<script type=\"application\/ld+json\" class=\"yoast-schema-graph\">{\"@context\":\"https:\/\/schema.org\",\"@graph\":[{\"@type\":\"Article\",\"@id\":\"https:\/\/gpabdoncalderon.gob.ec\/azuay\/226\/#article\",\"isPartOf\":{\"@id\":\"https:\/\/gpabdoncalderon.gob.ec\/azuay\/226\/\"},\"author\":{\"name\":\"gpabdoncalderon\",\"@id\":\"https:\/\/gpabdoncalderon.gob.ec\/azuay\/#\/schema\/person\/43831a04c83af3cc3b5ea7026755a2d5\"},\"headline\":\"DIRECTORIO DEL GAD PARROQUIAL RURAL DE ABDON CALDERON\",\"datePublished\":\"2015-03-30T22:40:24+00:00\",\"dateModified\":\"2017-01-31T20:02:46+00:00\",\"mainEntityOfPage\":{\"@id\":\"https:\/\/gpabdoncalderon.gob.ec\/azuay\/226\/\"},\"wordCount\":79,\"publisher\":{\"@id\":\"https:\/\/gpabdoncalderon.gob.ec\/azuay\/#organization\"},\"articleSection\":[\"Noticias\"],\"inLanguage\":\"es\"},{\"@type\":\"WebPage\",\"@id\":\"https:\/\/gpabdoncalderon.gob.ec\/azuay\/226\/\",\"url\":\"https:\/\/gpabdoncalderon.gob.ec\/azuay\/226\/\",\"name\":\"DIRECTORIO DEL GAD PARROQUIAL RURAL DE ABDON CALDERON - GAD parroquial Abd\u00f3n Calder\u00f3n\",\"isPartOf\":{\"@id\":\"https:\/\/gpabdoncalderon.gob.ec\/azuay\/#website\"},\"datePublished\":\"2015-03-30T22:40:24+00:00\",\"dateModified\":\"2017-01-31T20:02:46+00:00\",\"breadcrumb\":{\"@id\":\"https:\/\/gpabdoncalderon.gob.ec\/azuay\/226\/#breadcrumb\"},\"inLanguage\":\"es\",\"potentialAction\":[{\"@type\":\"ReadAction\",\"target\":[\"https:\/\/gpabdoncalderon.gob.ec\/azuay\/226\/\"]}]},{\"@type\":\"BreadcrumbList\",\"@id\":\"https:\/\/gpabdoncalderon.gob.ec\/azuay\/226\/#breadcrumb\",\"itemListElement\":[{\"@type\":\"ListItem\",\"position\":1,\"name\":\"Home\",\"item\":\"https:\/\/gpabdoncalderon.gob.ec\/azuay\/\"},{\"@type\":\"ListItem\",\"position\":2,\"name\":\"DIRECTORIO DEL GAD PARROQUIAL RURAL DE ABDON CALDERON\"}]},{\"@type\":\"WebSite\",\"@id\":\"https:\/\/gpabdoncalderon.gob.ec\/azuay\/#website\",\"url\":\"https:\/\/gpabdoncalderon.gob.ec\/azuay\/\",\"name\":\"GAD parroquial Abd\u00f3n Calder\u00f3n\",\"description\":\"Sitio Oficial del GAD Parroquial Abd\u00f3n Calder\u00f3n Azuay\",\"publisher\":{\"@id\":\"https:\/\/gpabdoncalderon.gob.ec\/azuay\/#organization\"},\"potentialAction\":[{\"@type\":\"SearchAction\",\"target\":{\"@type\":\"EntryPoint\",\"urlTemplate\":\"https:\/\/gpabdoncalderon.gob.ec\/azuay\/?s={search_term_string}\"},\"query-input\":{\"@type\":\"PropertyValueSpecification\",\"valueRequired\":true,\"valueName\":\"search_term_string\"}}],\"inLanguage\":\"es\"},{\"@type\":\"Organization\",\"@id\":\"https:\/\/gpabdoncalderon.gob.ec\/azuay\/#organization\",\"name\":\"GAD Abd\u00f3n Calder\u00f3n\",\"url\":\"https:\/\/gpabdoncalderon.gob.ec\/azuay\/\",\"logo\":{\"@type\":\"ImageObject\",\"inLanguage\":\"es\",\"@id\":\"https:\/\/gpabdoncalderon.gob.ec\/azuay\/#\/schema\/logo\/image\/\",\"url\":\"https:\/\/gpabdoncalderon.gob.ec\/azuay\/wp-content\/uploads\/2020\/06\/logoFooter.png\",\"contentUrl\":\"https:\/\/gpabdoncalderon.gob.ec\/azuay\/wp-content\/uploads\/2020\/06\/logoFooter.png\",\"width\":200,\"height\":150,\"caption\":\"GAD Abd\u00f3n Calder\u00f3n\"},\"image\":{\"@id\":\"https:\/\/gpabdoncalderon.gob.ec\/azuay\/#\/schema\/logo\/image\/\"}},{\"@type\":\"Person\",\"@id\":\"https:\/\/gpabdoncalderon.gob.ec\/azuay\/#\/schema\/person\/43831a04c83af3cc3b5ea7026755a2d5\",\"name\":\"gpabdoncalderon\",\"image\":{\"@type\":\"ImageObject\",\"inLanguage\":\"es\",\"@id\":\"https:\/\/gpabdoncalderon.gob.ec\/azuay\/#\/schema\/person\/image\/\",\"url\":\"https:\/\/secure.gravatar.com\/avatar\/dc5d0777a862b9672a2226bb863f9304e2d3ffeb2fe8de51e951f69c113ecbf4?s=96&d=mm&r=g\",\"contentUrl\":\"https:\/\/secure.gravatar.com\/avatar\/dc5d0777a862b9672a2226bb863f9304e2d3ffeb2fe8de51e951f69c113ecbf4?s=96&d=mm&r=g\",\"caption\":\"gpabdoncalderon\"},\"description\":\"ANIVERSARIO DE PARROQUIALIZACION 20 DE JULIO DE 1922.\",\"sameAs\":[\"http:\/\/www.gpabdoncalderon.gob.ec\"],\"url\":\"https:\/\/gpabdoncalderon.gob.ec\/azuay\/author\/gpabdoncalderon\/\"}]}<\/script>\n<!-- \/ Yoast SEO plugin. -->","yoast_head_json":{"title":"DIRECTORIO DEL GAD PARROQUIAL RURAL DE ABDON CALDERON - GAD parroquial Abd\u00f3n Calder\u00f3n","robots":{"index":"index","follow":"follow","max-snippet":"max-snippet:-1","max-image-preview":"max-image-preview:large","max-video-preview":"max-video-preview:-1"},"canonical":"https:\/\/gpabdoncalderon.gob.ec\/azuay\/226\/","og_locale":"es_ES","og_type":"article","og_title":"DIRECTORIO DEL GAD PARROQUIAL RURAL DE ABDON CALDERON - GAD parroquial Abd\u00f3n Calder\u00f3n","og_description":"DIRECTORIO DEL GAD PARROQUIAL RURAL DE ABDON CALDERON","og_url":"https:\/\/gpabdoncalderon.gob.ec\/azuay\/226\/","og_site_name":"GAD parroquial Abd\u00f3n Calder\u00f3n","article_published_time":"2015-03-30T22:40:24+00:00","article_modified_time":"2017-01-31T20:02:46+00:00","author":"gpabdoncalderon","twitter_card":"summary_large_image","twitter_misc":{"Escrito por":"gpabdoncalderon"},"schema":{"@context":"https:\/\/schema.org","@graph":[{"@type":"Article","@id":"https:\/\/gpabdoncalderon.gob.ec\/azuay\/226\/#article","isPartOf":{"@id":"https:\/\/gpabdoncalderon.gob.ec\/azuay\/226\/"},"author":{"name":"gpabdoncalderon","@id":"https:\/\/gpabdoncalderon.gob.ec\/azuay\/#\/schema\/person\/43831a04c83af3cc3b5ea7026755a2d5"},"headline":"DIRECTORIO DEL GAD PARROQUIAL RURAL DE ABDON CALDERON","datePublished":"2015-03-30T22:40:24+00:00","dateModified":"2017-01-31T20:02:46+00:00","mainEntityOfPage":{"@id":"https:\/\/gpabdoncalderon.gob.ec\/azuay\/226\/"},"wordCount":79,"publisher":{"@id":"https:\/\/gpabdoncalderon.gob.ec\/azuay\/#organization"},"articleSection":["Noticias"],"inLanguage":"es"},{"@type":"WebPage","@id":"https:\/\/gpabdoncalderon.gob.ec\/azuay\/226\/","url":"https:\/\/gpabdoncalderon.gob.ec\/azuay\/226\/","name":"DIRECTORIO DEL GAD PARROQUIAL RURAL DE ABDON CALDERON - GAD parroquial Abd\u00f3n Calder\u00f3n","isPartOf":{"@id":"https:\/\/gpabdoncalderon.gob.ec\/azuay\/#website"},"datePublished":"2015-03-30T22:40:24+00:00","dateModified":"2017-01-31T20:02:46+00:00","breadcrumb":{"@id":"https:\/\/gpabdoncalderon.gob.ec\/azuay\/226\/#breadcrumb"},"inLanguage":"es","potentialAction":[{"@type":"ReadAction","target":["https:\/\/gpabdoncalderon.gob.ec\/azuay\/226\/"]}]},{"@type":"BreadcrumbList","@id":"https:\/\/gpabdoncalderon.gob.ec\/azuay\/226\/#breadcrumb","itemListElement":[{"@type":"ListItem","position":1,"name":"Home","item":"https:\/\/gpabdoncalderon.gob.ec\/azuay\/"},{"@type":"ListItem","position":2,"name":"DIRECTORIO DEL GAD PARROQUIAL RURAL DE ABDON CALDERON"}]},{"@type":"WebSite","@id":"https:\/\/gpabdoncalderon.gob.ec\/azuay\/#website","url":"https:\/\/gpabdoncalderon.gob.ec\/azuay\/","name":"GAD parroquial Abd\u00f3n Calder\u00f3n","description":"Sitio Oficial del GAD Parroquial Abd\u00f3n Calder\u00f3n Azuay","publisher":{"@id":"https:\/\/gpabdoncalderon.gob.ec\/azuay\/#organization"},"potentialAction":[{"@type":"SearchAction","target":{"@type":"EntryPoint","urlTemplate":"https:\/\/gpabdoncalderon.gob.ec\/azuay\/?s={search_term_string}"},"query-input":{"@type":"PropertyValueSpecification","valueRequired":true,"valueName":"search_term_string"}}],"inLanguage":"es"},{"@type":"Organization","@id":"https:\/\/gpabdoncalderon.gob.ec\/azuay\/#organization","name":"GAD Abd\u00f3n Calder\u00f3n","url":"https:\/\/gpabdoncalderon.gob.ec\/azuay\/","logo":{"@type":"ImageObject","inLanguage":"es","@id":"https:\/\/gpabdoncalderon.gob.ec\/azuay\/#\/schema\/logo\/image\/","url":"https:\/\/gpabdoncalderon.gob.ec\/azuay\/wp-content\/uploads\/2020\/06\/logoFooter.png","contentUrl":"https:\/\/gpabdoncalderon.gob.ec\/azuay\/wp-content\/uploads\/2020\/06\/logoFooter.png","width":200,"height":150,"caption":"GAD Abd\u00f3n Calder\u00f3n"},"image":{"@id":"https:\/\/gpabdoncalderon.gob.ec\/azuay\/#\/schema\/logo\/image\/"}},{"@type":"Person","@id":"https:\/\/gpabdoncalderon.gob.ec\/azuay\/#\/schema\/person\/43831a04c83af3cc3b5ea7026755a2d5","name":"gpabdoncalderon","image":{"@type":"ImageObject","inLanguage":"es","@id":"https:\/\/gpabdoncalderon.gob.ec\/azuay\/#\/schema\/person\/image\/","url":"https:\/\/secure.gravatar.com\/avatar\/dc5d0777a862b9672a2226bb863f9304e2d3ffeb2fe8de51e951f69c113ecbf4?s=96&d=mm&r=g","contentUrl":"https:\/\/secure.gravatar.com\/avatar\/dc5d0777a862b9672a2226bb863f9304e2d3ffeb2fe8de51e951f69c113ecbf4?s=96&d=mm&r=g","caption":"gpabdoncalderon"},"description":"ANIVERSARIO DE PARROQUIALIZACION 20 DE JULIO DE 1922.","sameAs":["http:\/\/www.gpabdoncalderon.gob.ec"],"url":"https:\/\/gpabdoncalderon.gob.ec\/azuay\/author\/gpabdoncalderon\/"}]}},"_links":{"self":[{"href":"https:\/\/gpabdoncalderon.gob.ec\/azuay\/wp-json\/wp\/v2\/posts\/226","targetHints":{"allow":["GET"]}}],"collection":[{"href":"https:\/\/gpabdoncalderon.gob.ec\/azuay\/wp-json\/wp\/v2\/posts"}],"about":[{"href":"https:\/\/gpabdoncalderon.gob.ec\/azuay\/wp-json\/wp\/v2\/types\/post"}],"author":[{"embeddable":true,"href":"https:\/\/gpabdoncalderon.gob.ec\/azuay\/wp-json\/wp\/v2\/users\/7"}],"replies":[{"embeddable":true,"href":"https:\/\/gpabdoncalderon.gob.ec\/azuay\/wp-json\/wp\/v2\/comments?post=226"}],"version-history":[{"count":3,"href":"https:\/\/gpabdoncalderon.gob.ec\/azuay\/wp-json\/wp\/v2\/posts\/226\/revisions"}],"predecessor-version":[{"id":395,"href":"https:\/\/gpabdoncalderon.gob.ec\/azuay\/wp-json\/wp\/v2\/posts\/226\/revisions\/395"}],"wp:attachment":[{"href":"https:\/\/gpabdoncalderon.gob.ec\/azuay\/wp-json\/wp\/v2\/media?parent=226"}],"wp:term":[{"taxonomy":"category","embeddable":true,"href":"https:\/\/gpabdoncalderon.gob.ec\/azuay\/wp-json\/wp\/v2\/categories?post=226"},{"taxonomy":"post_tag","embeddable":true,"href":"https:\/\/gpabdoncalderon.gob.ec\/azuay\/wp-json\/wp\/v2\/tags?post=226"}],"curies":[{"name":"wp","href":"https:\/\/api.w.org\/{rel}","templated":true}]}}